{"id":9851,"date":"2024-02-19T19:00:34","date_gmt":"2024-02-19T16:00:34","guid":{"rendered":"https:\/\/www.dahaiyiyargi.org\/?p=9851"},"modified":"2024-02-19T19:00:34","modified_gmt":"2024-02-19T16:00:34","slug":"information-note-on-the-meetings-held-in-the-uk-at-the-house-of-lords-on-22-23-may-2023-and-in-brussels-at-the-eu-and-the-ep-on-5-6-june-2023","status":"publish","type":"post","link":"https:\/\/www.dahaiyiyargi.org\/en\/insights\/information-note-on-the-meetings-held-in-the-uk-at-the-house-of-lords-on-22-23-may-2023-and-in-brussels-at-the-eu-and-the-ep-on-5-6-june-2023\/","title":{"rendered":"Information Note on the meetings held in the UK at the House of Lords on 22-23 May 2023 and in Brussels at the EU and the EP on 5-6 June 2023"},"content":{"rendered":"<p>This Info Note provides a summary of the introductory meetings, discussions and exchanges on opportunities of the delegation of the Better Justice Association during their contacts and presentation of the Association\u2019s proposals for judicial reform, which is promoted and open for discussion on national and international platforms, in the scope of the study \u201cTurkish Judicial Reform A to Z\u201d, during the meeting at the House of Lords in London, UK on 22-23 May 2023 and meetings with experts of the European Union and European Parliament in Brussels conducted on 5-6 June 2023.<\/p>\n","protected":false},"excerpt":{"rendered":"<p>This Info Note provides a summary of the introductory meetings, discussions and exchanges on opportunities of the delegation of the Better Justice Association during their contacts and presentation of the Association\u2019s proposals for judicial reform, which is promoted and open for discussion on national and international platforms, in the scope of the study \u201cTurkish Judicial [&hellip;]<\/p>\n","protected":false},"author":5,"featured_media":0,"comment_status":"closed","ping_status":"closed","sticky":false,"template":"","format":"standard","meta":{"_monsterinsights_skip_tracking":false,"_monsterinsights_sitenote_active":false,"_monsterinsights_sitenote_note":"","_monsterinsights_sitenote_category":0,"footnotes":""},"categories":[17],"tags":[],"class_list":["post-9851","post","type-post","status-publish","format-standard","hentry","category-insights"],"acf":[],"yoast_head":"<!-- This site is optimized with the Yoast SEO plugin v20.7 - https:\/\/yoast.com\/wordpress\/plugins\/seo\/ -->\n<title>Information Note on the meetings held in the UK at the House of Lords on 22-23 May 2023 and in Brussels at the EU and the EP on 5-6 June 2023 | Daha \u0130yi Yarg\u0131 Derne\u011fi<\/title>\n<meta name=\"description\" content=\"This Info Note provides a summary of the introductory meetings, discussions and exchanges on opportunities of the delegation of the Better Justice\" \/>\n<meta name=\"robots\" content=\"index, follow, max-snippet:-1, max-image-preview:large, max-video-preview:-1\" \/>\n<link rel=\"canonical\" href=\"https:\/\/www.dahaiyiyargi.org\/en\/insights\/information-note-on-the-meetings-held-in-the-uk-at-the-house-of-lords-on-22-23-may-2023-and-in-brussels-at-the-eu-and-the-ep-on-5-6-june-2023\/\" \/>\n<meta property=\"og:locale\" content=\"en_US\" \/>\n<meta property=\"og:type\" content=\"article\" \/>\n<meta property=\"og:title\" content=\"Information Note on the meetings held in the UK at the House of Lords on 22-23 May 2023 and in Brussels at the EU and the EP on 5-6 June 2023 | Daha \u0130yi Yarg\u0131 Derne\u011fi\" \/>\n<meta property=\"og:description\" content=\"This Info Note provides a summary of the introductory meetings, discussions and exchanges on opportunities of the delegation of the Better Justice\" \/>\n<meta property=\"og:url\" content=\"https:\/\/www.dahaiyiyargi.org\/en\/insights\/information-note-on-the-meetings-held-in-the-uk-at-the-house-of-lords-on-22-23-may-2023-and-in-brussels-at-the-eu-and-the-ep-on-5-6-june-2023\/\" \/>\n<meta property=\"og:site_name\" content=\"Daha \u0130yi Yarg\u0131 Derne\u011fi\" \/>\n<meta property=\"article:publisher\" content=\"https:\/\/www.facebook.com\/dahaiyiyargi\/\" \/>\n<meta property=\"article:published_time\" content=\"2024-02-19T16:00:34+00:00\" \/>\n<meta property=\"og:image\" content=\"https:\/\/www.dahaiyiyargi.org\/wp-content\/uploads\/2022\/09\/diy_sm3.jpg\" \/>\n\t<meta property=\"og:image:width\" content=\"1200\" \/>\n\t<meta property=\"og:image:height\" content=\"630\" \/>\n\t<meta property=\"og:image:type\" content=\"image\/jpeg\" \/>\n<meta name=\"author\" content=\"dernekadmin\" \/>\n<meta name=\"twitter:card\" content=\"summary_large_image\" \/>\n<meta name=\"twitter:creator\" content=\"@dahaiyiyargi\" \/>\n<meta name=\"twitter:site\" content=\"@dahaiyiyargi\" \/>\n<meta name=\"twitter:label1\" content=\"Written by\" \/>\n\t<meta name=\"twitter:data1\" content=\"dernekadmin\" \/>\n\t<meta name=\"twitter:label2\" content=\"Est. reading time\" \/>\n\t<meta name=\"twitter:data2\" content=\"1 minute\" \/>\n<script type=\"application\/ld+json\" class=\"yoast-schema-graph\">{\"@context\":\"https:\/\/schema.org\",\"@graph\":[{\"@type\":\"Article\",\"@id\":\"https:\/\/www.dahaiyiyargi.org\/en\/insights\/information-note-on-the-meetings-held-in-the-uk-at-the-house-of-lords-on-22-23-may-2023-and-in-brussels-at-the-eu-and-the-ep-on-5-6-june-2023\/#article\",\"isPartOf\":{\"@id\":\"https:\/\/www.dahaiyiyargi.org\/en\/insights\/information-note-on-the-meetings-held-in-the-uk-at-the-house-of-lords-on-22-23-may-2023-and-in-brussels-at-the-eu-and-the-ep-on-5-6-june-2023\/\"},\"author\":{\"name\":\"dernekadmin\",\"@id\":\"https:\/\/www.dahaiyiyargi.org\/#\/schema\/person\/016917a5bcce25b2f7912317662a2b50\"},\"headline\":\"Information Note on the meetings held in the UK at the House of Lords on 22-23 May 2023 and in Brussels at the EU and the EP on 5-6 June 2023\",\"datePublished\":\"2024-02-19T16:00:34+00:00\",\"dateModified\":\"2024-02-19T16:00:34+00:00\",\"mainEntityOfPage\":{\"@id\":\"https:\/\/www.dahaiyiyargi.org\/en\/insights\/information-note-on-the-meetings-held-in-the-uk-at-the-house-of-lords-on-22-23-may-2023-and-in-brussels-at-the-eu-and-the-ep-on-5-6-june-2023\/\"},\"wordCount\":120,\"publisher\":{\"@id\":\"https:\/\/www.dahaiyiyargi.org\/#organization\"},\"articleSection\":[\"Insights\"],\"inLanguage\":\"en-US\"},{\"@type\":\"WebPage\",\"@id\":\"https:\/\/www.dahaiyiyargi.org\/en\/insights\/information-note-on-the-meetings-held-in-the-uk-at-the-house-of-lords-on-22-23-may-2023-and-in-brussels-at-the-eu-and-the-ep-on-5-6-june-2023\/\",\"url\":\"https:\/\/www.dahaiyiyargi.org\/en\/insights\/information-note-on-the-meetings-held-in-the-uk-at-the-house-of-lords-on-22-23-may-2023-and-in-brussels-at-the-eu-and-the-ep-on-5-6-june-2023\/\",\"name\":\"Information Note on the meetings held in the UK at the House of Lords on 22-23 May 2023 and in Brussels at the EU and the EP on 5-6 June 2023 | Daha \u0130yi Yarg\u0131 Derne\u011fi\",\"isPartOf\":{\"@id\":\"https:\/\/www.dahaiyiyargi.org\/#website\"},\"datePublished\":\"2024-02-19T16:00:34+00:00\",\"dateModified\":\"2024-02-19T16:00:34+00:00\",\"description\":\"This Info Note provides a summary of the introductory meetings, discussions and exchanges on opportunities of the delegation of the Better Justice\",\"breadcrumb\":{\"@id\":\"https:\/\/www.dahaiyiyargi.org\/en\/insights\/information-note-on-the-meetings-held-in-the-uk-at-the-house-of-lords-on-22-23-may-2023-and-in-brussels-at-the-eu-and-the-ep-on-5-6-june-2023\/#breadcrumb\"},\"inLanguage\":\"en-US\",\"potentialAction\":[{\"@type\":\"ReadAction\",\"target\":[\"https:\/\/www.dahaiyiyargi.org\/en\/insights\/information-note-on-the-meetings-held-in-the-uk-at-the-house-of-lords-on-22-23-may-2023-and-in-brussels-at-the-eu-and-the-ep-on-5-6-june-2023\/\"]}]},{\"@type\":\"BreadcrumbList\",\"@id\":\"https:\/\/www.dahaiyiyargi.org\/en\/insights\/information-note-on-the-meetings-held-in-the-uk-at-the-house-of-lords-on-22-23-may-2023-and-in-brussels-at-the-eu-and-the-ep-on-5-6-june-2023\/#breadcrumb\",\"itemListElement\":[{\"@type\":\"ListItem\",\"position\":1,\"name\":\"Anasayfa\",\"item\":\"https:\/\/www.dahaiyiyargi.org\/\"},{\"@type\":\"ListItem\",\"position\":2,\"name\":\"Information Note on the meetings held in the UK at the House of Lords on 22-23 May 2023 and in Brussels at the EU and the EP on 5-6 June 2023\"}]},{\"@type\":\"WebSite\",\"@id\":\"https:\/\/www.dahaiyiyargi.org\/#website\",\"url\":\"https:\/\/www.dahaiyiyargi.org\/\",\"name\":\"Daha \u0130yi Yarg\u0131 Derne\u011fi\",\"description\":\"V2\",\"publisher\":{\"@id\":\"https:\/\/www.dahaiyiyargi.org\/#organization\"},\"potentialAction\":[{\"@type\":\"SearchAction\",\"target\":{\"@type\":\"EntryPoint\",\"urlTemplate\":\"https:\/\/www.dahaiyiyargi.org\/?s={search_term_string}\"},\"query-input\":\"required name=search_term_string\"}],\"inLanguage\":\"en-US\"},{\"@type\":\"Organization\",\"@id\":\"https:\/\/www.dahaiyiyargi.org\/#organization\",\"name\":\"Daha \u0130yi Yarg\u0131 Derne\u011fi\",\"url\":\"https:\/\/www.dahaiyiyargi.org\/\",\"logo\":{\"@type\":\"ImageObject\",\"inLanguage\":\"en-US\",\"@id\":\"https:\/\/www.dahaiyiyargi.org\/#\/schema\/logo\/image\/\",\"url\":\"https:\/\/www.dahaiyiyargi.org\/wp-content\/uploads\/2022\/03\/logo.png\",\"contentUrl\":\"https:\/\/www.dahaiyiyargi.org\/wp-content\/uploads\/2022\/03\/logo.png\",\"width\":252,\"height\":252,\"caption\":\"Daha \u0130yi Yarg\u0131 Derne\u011fi\"},\"image\":{\"@id\":\"https:\/\/www.dahaiyiyargi.org\/#\/schema\/logo\/image\/\"},\"sameAs\":[\"https:\/\/www.facebook.com\/dahaiyiyargi\/\",\"https:\/\/twitter.com\/dahaiyiyargi\",\"https:\/\/www.linkedin.com\/company\/dahaiyiyargi\/\",\"https:\/\/www.youtube.com\/channel\/UClnpHPuRzRAWShcK30U4WOA\",\"https:\/\/www.instagram.com\/dahaiyiyargi\/\"]},{\"@type\":\"Person\",\"@id\":\"https:\/\/www.dahaiyiyargi.org\/#\/schema\/person\/016917a5bcce25b2f7912317662a2b50\",\"name\":\"dernekadmin\",\"image\":{\"@type\":\"ImageObject\",\"inLanguage\":\"en-US\",\"@id\":\"https:\/\/www.dahaiyiyargi.org\/#\/schema\/person\/image\/\",\"url\":\"https:\/\/secure.gravatar.com\/avatar\/6921ea89083a622ffae753b151c306197dd9a658c860e7cc2b3372f47a4afdc0?s=96&d=mm&r=g\",\"contentUrl\":\"https:\/\/secure.gravatar.com\/avatar\/6921ea89083a622ffae753b151c306197dd9a658c860e7cc2b3372f47a4afdc0?s=96&d=mm&r=g\",\"caption\":\"dernekadmin\"}}]}<\/script>\n<!-- \/ Yoast SEO plugin. -->","yoast_head_json":{"title":"Information Note on the meetings held in the UK at the House of Lords on 22-23 May 2023 and in Brussels at the EU and the EP on 5-6 June 2023 | Daha \u0130yi Yarg\u0131 Derne\u011fi","description":"This Info Note provides a summary of the introductory meetings, discussions and exchanges on opportunities of the delegation of the Better Justice","robots":{"index":"index","follow":"follow","max-snippet":"max-snippet:-1","max-image-preview":"max-image-preview:large","max-video-preview":"max-video-preview:-1"},"canonical":"https:\/\/www.dahaiyiyargi.org\/en\/insights\/information-note-on-the-meetings-held-in-the-uk-at-the-house-of-lords-on-22-23-may-2023-and-in-brussels-at-the-eu-and-the-ep-on-5-6-june-2023\/","og_locale":"en_US","og_type":"article","og_title":"Information Note on the meetings held in the UK at the House of Lords on 22-23 May 2023 and in Brussels at the EU and the EP on 5-6 June 2023 | Daha \u0130yi Yarg\u0131 Derne\u011fi","og_description":"This Info Note provides a summary of the introductory meetings, discussions and exchanges on opportunities of the delegation of the Better Justice","og_url":"https:\/\/www.dahaiyiyargi.org\/en\/insights\/information-note-on-the-meetings-held-in-the-uk-at-the-house-of-lords-on-22-23-may-2023-and-in-brussels-at-the-eu-and-the-ep-on-5-6-june-2023\/","og_site_name":"Daha \u0130yi Yarg\u0131 Derne\u011fi","article_publisher":"https:\/\/www.facebook.com\/dahaiyiyargi\/","article_published_time":"2024-02-19T16:00:34+00:00","og_image":[{"width":1200,"height":630,"url":"https:\/\/www.dahaiyiyargi.org\/wp-content\/uploads\/2022\/09\/diy_sm3.jpg","type":"image\/jpeg"}],"author":"dernekadmin","twitter_card":"summary_large_image","twitter_creator":"@dahaiyiyargi","twitter_site":"@dahaiyiyargi","twitter_misc":{"Written by":"dernekadmin","Est. reading time":"1 minute"},"schema":{"@context":"https:\/\/schema.org","@graph":[{"@type":"Article","@id":"https:\/\/www.dahaiyiyargi.org\/en\/insights\/information-note-on-the-meetings-held-in-the-uk-at-the-house-of-lords-on-22-23-may-2023-and-in-brussels-at-the-eu-and-the-ep-on-5-6-june-2023\/#article","isPartOf":{"@id":"https:\/\/www.dahaiyiyargi.org\/en\/insights\/information-note-on-the-meetings-held-in-the-uk-at-the-house-of-lords-on-22-23-may-2023-and-in-brussels-at-the-eu-and-the-ep-on-5-6-june-2023\/"},"author":{"name":"dernekadmin","@id":"https:\/\/www.dahaiyiyargi.org\/#\/schema\/person\/016917a5bcce25b2f7912317662a2b50"},"headline":"Information Note on the meetings held in the UK at the House of Lords on 22-23 May 2023 and in Brussels at the EU and the EP on 5-6 June 2023","datePublished":"2024-02-19T16:00:34+00:00","dateModified":"2024-02-19T16:00:34+00:00","mainEntityOfPage":{"@id":"https:\/\/www.dahaiyiyargi.org\/en\/insights\/information-note-on-the-meetings-held-in-the-uk-at-the-house-of-lords-on-22-23-may-2023-and-in-brussels-at-the-eu-and-the-ep-on-5-6-june-2023\/"},"wordCount":120,"publisher":{"@id":"https:\/\/www.dahaiyiyargi.org\/#organization"},"articleSection":["Insights"],"inLanguage":"en-US"},{"@type":"WebPage","@id":"https:\/\/www.dahaiyiyargi.org\/en\/insights\/information-note-on-the-meetings-held-in-the-uk-at-the-house-of-lords-on-22-23-may-2023-and-in-brussels-at-the-eu-and-the-ep-on-5-6-june-2023\/","url":"https:\/\/www.dahaiyiyargi.org\/en\/insights\/information-note-on-the-meetings-held-in-the-uk-at-the-house-of-lords-on-22-23-may-2023-and-in-brussels-at-the-eu-and-the-ep-on-5-6-june-2023\/","name":"Information Note on the meetings held in the UK at the House of Lords on 22-23 May 2023 and in Brussels at the EU and the EP on 5-6 June 2023 | Daha \u0130yi Yarg\u0131 Derne\u011fi","isPartOf":{"@id":"https:\/\/www.dahaiyiyargi.org\/#website"},"datePublished":"2024-02-19T16:00:34+00:00","dateModified":"2024-02-19T16:00:34+00:00","description":"This Info Note provides a summary of the introductory meetings, discussions and exchanges on opportunities of the delegation of the Better Justice","breadcrumb":{"@id":"https:\/\/www.dahaiyiyargi.org\/en\/insights\/information-note-on-the-meetings-held-in-the-uk-at-the-house-of-lords-on-22-23-may-2023-and-in-brussels-at-the-eu-and-the-ep-on-5-6-june-2023\/#breadcrumb"},"inLanguage":"en-US","potentialAction":[{"@type":"ReadAction","target":["https:\/\/www.dahaiyiyargi.org\/en\/insights\/information-note-on-the-meetings-held-in-the-uk-at-the-house-of-lords-on-22-23-may-2023-and-in-brussels-at-the-eu-and-the-ep-on-5-6-june-2023\/"]}]},{"@type":"BreadcrumbList","@id":"https:\/\/www.dahaiyiyargi.org\/en\/insights\/information-note-on-the-meetings-held-in-the-uk-at-the-house-of-lords-on-22-23-may-2023-and-in-brussels-at-the-eu-and-the-ep-on-5-6-june-2023\/#breadcrumb","itemListElement":[{"@type":"ListItem","position":1,"name":"Anasayfa","item":"https:\/\/www.dahaiyiyargi.org\/"},{"@type":"ListItem","position":2,"name":"Information Note on the meetings held in the UK at the House of Lords on 22-23 May 2023 and in Brussels at the EU and the EP on 5-6 June 2023"}]},{"@type":"WebSite","@id":"https:\/\/www.dahaiyiyargi.org\/#website","url":"https:\/\/www.dahaiyiyargi.org\/","name":"Daha \u0130yi Yarg\u0131 Derne\u011fi","description":"V2","publisher":{"@id":"https:\/\/www.dahaiyiyargi.org\/#organization"},"potentialAction":[{"@type":"SearchAction","target":{"@type":"EntryPoint","urlTemplate":"https:\/\/www.dahaiyiyargi.org\/?s={search_term_string}"},"query-input":"required name=search_term_string"}],"inLanguage":"en-US"},{"@type":"Organization","@id":"https:\/\/www.dahaiyiyargi.org\/#organization","name":"Daha \u0130yi Yarg\u0131 Derne\u011fi","url":"https:\/\/www.dahaiyiyargi.org\/","logo":{"@type":"ImageObject","inLanguage":"en-US","@id":"https:\/\/www.dahaiyiyargi.org\/#\/schema\/logo\/image\/","url":"https:\/\/www.dahaiyiyargi.org\/wp-content\/uploads\/2022\/03\/logo.png","contentUrl":"https:\/\/www.dahaiyiyargi.org\/wp-content\/uploads\/2022\/03\/logo.png","width":252,"height":252,"caption":"Daha \u0130yi Yarg\u0131 Derne\u011fi"},"image":{"@id":"https:\/\/www.dahaiyiyargi.org\/#\/schema\/logo\/image\/"},"sameAs":["https:\/\/www.facebook.com\/dahaiyiyargi\/","https:\/\/twitter.com\/dahaiyiyargi","https:\/\/www.linkedin.com\/company\/dahaiyiyargi\/","https:\/\/www.youtube.com\/channel\/UClnpHPuRzRAWShcK30U4WOA","https:\/\/www.instagram.com\/dahaiyiyargi\/"]},{"@type":"Person","@id":"https:\/\/www.dahaiyiyargi.org\/#\/schema\/person\/016917a5bcce25b2f7912317662a2b50","name":"dernekadmin","image":{"@type":"ImageObject","inLanguage":"en-US","@id":"https:\/\/www.dahaiyiyargi.org\/#\/schema\/person\/image\/","url":"https:\/\/secure.gravatar.com\/avatar\/6921ea89083a622ffae753b151c306197dd9a658c860e7cc2b3372f47a4afdc0?s=96&d=mm&r=g","contentUrl":"https:\/\/secure.gravatar.com\/avatar\/6921ea89083a622ffae753b151c306197dd9a658c860e7cc2b3372f47a4afdc0?s=96&d=mm&r=g","caption":"dernekadmin"}}]}},"_links":{"self":[{"href":"https:\/\/www.dahaiyiyargi.org\/en\/wp-json\/wp\/v2\/posts\/9851","targetHints":{"allow":["GET"]}}],"collection":[{"href":"https:\/\/www.dahaiyiyargi.org\/en\/wp-json\/wp\/v2\/posts"}],"about":[{"href":"https:\/\/www.dahaiyiyargi.org\/en\/wp-json\/wp\/v2\/types\/post"}],"author":[{"embeddable":true,"href":"https:\/\/www.dahaiyiyargi.org\/en\/wp-json\/wp\/v2\/users\/5"}],"replies":[{"embeddable":true,"href":"https:\/\/www.dahaiyiyargi.org\/en\/wp-json\/wp\/v2\/comments?post=9851"}],"version-history":[{"count":1,"href":"https:\/\/www.dahaiyiyargi.org\/en\/wp-json\/wp\/v2\/posts\/9851\/revisions"}],"predecessor-version":[{"id":9854,"href":"https:\/\/www.dahaiyiyargi.org\/en\/wp-json\/wp\/v2\/posts\/9851\/revisions\/9854"}],"wp:attachment":[{"href":"https:\/\/www.dahaiyiyargi.org\/en\/wp-json\/wp\/v2\/media?parent=9851"}],"wp:term":[{"taxonomy":"category","embeddable":true,"href":"https:\/\/www.dahaiyiyargi.org\/en\/wp-json\/wp\/v2\/categories?post=9851"},{"taxonomy":"post_tag","embeddable":true,"href":"https:\/\/www.dahaiyiyargi.org\/en\/wp-json\/wp\/v2\/tags?post=9851"}],"curies":[{"name":"wp","href":"https:\/\/api.w.org\/{rel}","templated":true}]}}